{"id":2859,"date":"2015-09-24T14:44:11","date_gmt":"2015-09-24T13:44:11","guid":{"rendered":"https:\/\/fougerette.wordpress.com\/?p=2859"},"modified":"2015-09-24T14:44:11","modified_gmt":"2015-09-24T13:44:11","slug":"meet-ardoise-maria-kuehnen","status":"publish","type":"post","link":"https:\/\/archive.fougerette.org\/?p=2859","title":{"rendered":"Ardoise \u00e0 la Maria"},"content":{"rendered":"<figure id=\"attachment_2861\" aria-describedby=\"caption-attachment-2861\" style=\"width: 212px\" class=\"wp-caption alignleft\"><a href=\"https:\/\/fougerette.wordpress.com\/wp-content\/uploads\/2015\/09\/0001fh.jpeg\"><img loading=\"lazy\" decoding=\"async\" class=\"wp-image-2861 size-medium\" src=\"https:\/\/fougerette.wordpress.com\/wp-content\/uploads\/2015\/09\/0001fh.jpeg?w=212\" alt=\"Ardoise_before\" width=\"212\" height=\"300\" srcset=\"https:\/\/archive.fougerette.org\/wp-content\/uploads\/2015\/09\/0001fh.jpeg 596w, https:\/\/archive.fougerette.org\/wp-content\/uploads\/2015\/09\/0001fh-212x300.jpeg 212w\" sizes=\"auto, (max-width: 212px) 100vw, 212px\" \/><\/a><figcaption id=\"caption-attachment-2861\" class=\"wp-caption-text\">Wie es fr\u00fcher aussah&#8230;<\/figcaption><\/figure>\n<p>Bevor es Zeit ist f\u00fcr den erneuten Winterschlaf, hat Fougerette von unserer Freundin und K\u00fcnstlerin <a href=\"http:\/\/www.mariakuehnen.ch\">Maria K\u00fchnen<\/a> ein grossartiges &#8222;Bettm\u00fcmpfeli&#8220; geschenkt bekommen: Ausgehend vom Namen Ardoise (dt. Schiefer), hat Maria die schlichte Sch\u00f6nheit des ehemaligen Dienstbotenzimmers Schicht f\u00fcr Schicht frei gelegt. Das Ergebnis: Eine rundum stimmige Neugestaltung, die uns begeistert!<\/p>\n<p><strong>Wie es dazu kam?<\/strong><br \/>\nMaria hat gemeinsam mit Mann und Tochter fast zeitgleich wie wir ein Haus in Frankreich erworben und bringt dort seither ihre Kompetenz als K\u00fcnstlerin und Raumgestalterin zur Bl\u00fcte (<a href=\"http:\/\/mariakuehnen.ch\/www.mariakuehnen.ch\/Frankreich.html\">Bilder s. hier<\/a>). Abgesehen davon, dass die Chemie schon bei der ersten Begegnung ganz einfach stimmte, haben uns auch die oft erstaunlich parallel verlaufenden Irrungen und Wirrungen des Daseins als Hausbesitzer aneinander geschmiedet. Der Austausch ist stets bereichernd,\u00a0erfrischend und wohltuend &#8211; ein weiterer Gl\u00fccksfall in unserem Leben, f\u00fcr den wir zutiefst dankbar sind.<\/p>\n<figure id=\"attachment_2880\" aria-describedby=\"caption-attachment-2880\" style=\"width: 250px\" class=\"wp-caption alignright\"><a href=\"https:\/\/fougerette.wordpress.com\/wp-content\/uploads\/2015\/09\/ardoisiecc80res.jpg\"><img loading=\"lazy\" decoding=\"async\" class=\"wp-image-2880\" src=\"https:\/\/fougerette.wordpress.com\/wp-content\/uploads\/2015\/09\/ardoisiecc80res.jpg?w=300\" alt=\"Ardoisie\u0300res\" width=\"250\" height=\"182\" srcset=\"https:\/\/archive.fougerette.org\/wp-content\/uploads\/2015\/09\/ardoisiecc80res.jpg 500w, https:\/\/archive.fougerette.org\/wp-content\/uploads\/2015\/09\/ardoisiecc80res-300x218.jpg 300w\" sizes=\"auto, (max-width: 250px) 100vw, 250px\" \/><\/a><figcaption id=\"caption-attachment-2880\" class=\"wp-caption-text\">Ardoisi\u00e8res d&#8217;Angers<\/figcaption><\/figure>\n<p><strong>Warum das Zimmer Ardoise heisst?<\/strong> Nun, Fankreich ist auch heute noch das Land mit dem weltweit h\u00f6chsten Verbrauch an Schiefer und verf\u00fcgte ehemals \u00fcber eine bedeutende nationale Produktion, u.a. in den <a href=\"https:\/\/fr.wikipedia.org\/wiki\/Ardoisi%C3%A8res_de_Tr%C3%A9laz%C3%A9\">Ardoisi\u00e8res d&#8217;Angers<\/a>. Dort waren noch Anfang der 1980-er Jahre \u00fcber 2&#8217;000 Arbeiter besch\u00e4ftigt, im Fr\u00fchjahr 2014 wurde jedoch die Mine definitiv geschlossen.<\/p>\n<p>Die \u00fcber 600-j\u00e4hrige Geschichte des Schiefer-Abbaus wird im <a href=\"http:\/\/www.lemuseedelardoise.fr\/\">Mus\u00e9e de l&#8217;Ardoise<\/a> nachgezeichnet. Ein Besuch d\u00fcrfte sich lohnen, wenn dieses auch nur ann\u00e4hernd so gut gestaltet ist wie das <a href=\"http:\/\/www.museodelcarbone.it\/\">Museo del Carbone<\/a>, welches wir letztes Jahr in Sardinien besuchten: Die Retortenstadt Carbonia wurde in den 1930-er Jahren offenbar als Antwort auf das Kohle-Embargo gegen das faschistische Regime in Italien aus dem Boden gestampft.<\/p>\n<p>Obwohl nur knapp 40 Jahre operativ t\u00e4tig, waren in den Kohleminen Carbonias in den besten Zeiten \u00fcber 12&#8217;000 Arbeiter besch\u00e4ftigt, die rund um die Uhr in drei Schichten arbeiteten. Auf einen Arbeitstag von 8 Stunden mussten die Minenarbeiter weitere 8 Stunden zus\u00e4tzlich aufwenden f\u00fcr das Abholen bzw. die R\u00fcckgabe ihrer Minenlampe, den Abstieg in bzw. Aufstieg aus der Mine (eng zusammengepfercht im Aufzug, im nahezu freien Fall) sowie den Fussweg unter Tag vom Aufzugsschacht bis zum jeweils bearbeiteten Fl\u00f6z, der bis zu 7 km lang sein konnte.<\/p>\n<p>Wie die Minenarbeiter &#8211; darunter auch viele politische H\u00e4ftlinge wie Kommunisten oder Homosexuelle &#8211; in dieser dr\u00fcckend-schw\u00fclen Finsternis bei fast 40 Grad Celsius das unaufh\u00f6rliche eiserne Rasseln der Bohrhammer und F\u00f6rderb\u00e4nder, die dumpf knallenden Sprengungen und die st\u00e4ndig drohende Gefahr von Einst\u00fcrzen oder m\u00f6glicherweise austretenden giftigen Gasen ertrugen, und inmitten des ganzen Pandemoniums auch noch Kohle in den engen, teilweise nur 50 cm hohen Stollen auf dem Bauch liegend abtrugen, ist schlicht unvorstellbar. Die alten Fotografien, auf denen die v\u00f6llig bet\u00e4ubten, leeren Blicke der heimkehrenden Arbeiter nach ihrem 16-st\u00fcndigen Einsatz zu sehen sind, tr\u00e4gt man jedenfalls noch lange mit sich herum.<\/p>\n<p><strong>Was Maria \u00fcber Ardoise sagt?<\/strong><\/p>\n<p>Mein Entwurf f\u00fcr das Zimmer beruht im Wesentlichen auf drei Impulsen:<\/p>\n<p>Zum einen habe ich Bezug auf die fr\u00fchere Nutzung des Zimmers genommen. Urspr\u00fcnglich als Dienstbotenzimmer genutzt, sollte die neue Gestaltung in seiner Schlichtheit und &#8218;asketischen&#8216; Klarheit daran ankn\u00fcpfen. Zum anderen war es meine Absicht, einen Raum zu gestalten, in dem man sich gerne aufh\u00e4lt; das Zimmer sollte einladend werden und einen wohnlichen R\u00fcckzugsort f\u00fcr tempor\u00e4re Bewohner des Schlosses darstellen &#8211; und einen Raum, dem man anmerkt, dass er mit grosser Hinwendung f\u00fcr den Gast gestaltet wurde. Dar\u00fcber hinaus sind R\u00e4ume f\u00fcr mich nicht bloss vier W\u00e4nde, ein Boden und eine Decke. Ich begreife sie vielmehr als eigenst\u00e4ndige Wesenheiten mit ihrer je eigenen Geschichte, die aufgenommen, bearbeitet und transformiert werden will. Bei diesem Zimmer, das \u00fcber die letzten Jahrzehnte unbewohnt gewesen und dadurch im Wortsinne auch unbehaust geworden war, war es mir ein besonderes Anliegen, dass es eine \u00a0intensive und sorgf\u00e4ltige handwerkliche, k\u00fcnstlerische und gedankliche Zuwendung erf\u00e4hrt. Vergleichbar mit einem vergessenen und hart gewordenen Klumpen Ton, der durchgeknetet und gewalkt werden will um wieder geschmeidig zu werden. Und diese unter anderem auch ganz plastische Energie, diese Zuwendung, die dieser Raum dadurch erf\u00e4hrt, die ist dann deutlich sp\u00fcrbar, holistisch sozusagen.<\/p>\n<p>Und schliesslich wurde die inhaltliche Umsetzung von dem vorgegebenen Titel des Zimmers gelenkt: Ardoise &#8211; Schiefer &#8211; als Schichtgestein hat mich zu verschiedenen \u00dcberlegungen zum Thema &#8218;Schichtungen&#8216; gef\u00fchrt. Erinnerungs-Schichten, Schichtungen der Psyche, historische Ge-Schichten, physisch-materielle Schichten&#8230; So habe ich beispielsweise die Schichten der Wandoberfl\u00e4che in einem objekthaften Ausschnitt sichtbar gemacht: die Wand, wie ich sie mit der alten Tapete vorgefunden habe, die darunter liegende Oberfl\u00e4che im Originalzustand und im Stadium mit der von mir angelegten Grundierung. Ein anderes Beispiel ist das Buch zum Schieferabbau im Berner Oberland, das nun zur Ausstattung des Zimmers geh\u00f6rt. Wer den kleinen Roman gelesen hat, findet von dort ausgehend m\u00f6glicherweise weitere Bez\u00fcge und Schichtungen im Raum &#8211; oder erfindet seine ganz eigenen Geschichten dazu. So sind alle von mir vorgenommenen Eingriffe im Raum, von den eigens angefertigten oder umgestalteten M\u00f6beln \u00fcber die Objekte bis hin zur Wandgestaltung Ankn\u00fcpfungen an diese unterschiedlichen Aspekte von Schichtung. Und wenn der tempor\u00e4re Bewohner seine eigenen pers\u00f6nlichen Gegenst\u00e4nde zeitweise mit hinein nimmt, dann werden auch diese zu einer weiteren Schichtung im Raum &#8211; wie auch er selbst zu einem weiteren Teil der Ge-Schichte dieses Zimmers.<\/p>\n<p>&nbsp;<\/p>\n<h3>Wie Ardoise jetzt aussieht?<\/h3>\n<p>Guckst Du nachstehend. Die Bilder sprechen f\u00fcr sich!<\/p>\n<div id='gallery-1' class='gallery galleryid-2859 gallery-columns-3 gallery-size-thumbnail'><figure class='gallery-item'>\n\t\t\t<div class='gallery-icon portrait'>\n\t\t\t\t<a href='https:\/\/archive.fougerette.org\/?attachment_id=2863'><img loading=\"lazy\" decoding=\"async\" width=\"150\" height=\"150\" src=\"https:\/\/archive.fougerette.org\/wp-content\/uploads\/2015\/09\/eingang-1-150x150.jpeg\" class=\"attachment-thumbnail size-thumbnail\" alt=\"\" aria-describedby=\"gallery-1-2863\" \/><\/a>\n\t\t\t<\/div>\n\t\t\t\t<figcaption class='wp-caption-text gallery-caption' id='gallery-1-2863'>\n\t\t\t\tArdoise\n\t\t\t\t<\/figcaption><\/figure><figure class='gallery-item'>\n\t\t\t<div class='gallery-icon portrait'>\n\t\t\t\t<a href='https:\/\/archive.fougerette.org\/?attachment_id=2867'><img loading=\"lazy\" decoding=\"async\" width=\"150\" height=\"150\" src=\"https:\/\/archive.fougerette.org\/wp-content\/uploads\/2015\/09\/zimmerblick1-1-150x150.jpeg\" class=\"attachment-thumbnail size-thumbnail\" alt=\"\" \/><\/a>\n\t\t\t<\/div><\/figure><figure class='gallery-item'>\n\t\t\t<div class='gallery-icon portrait'>\n\t\t\t\t<a href='https:\/\/archive.fougerette.org\/?attachment_id=2862'><img loading=\"lazy\" decoding=\"async\" width=\"150\" height=\"150\" src=\"https:\/\/archive.fougerette.org\/wp-content\/uploads\/2015\/09\/sonnenglas2-1-150x150.jpeg\" class=\"attachment-thumbnail size-thumbnail\" alt=\"\" aria-describedby=\"gallery-1-2862\" \/><\/a>\n\t\t\t<\/div>\n\t\t\t\t<figcaption class='wp-caption-text gallery-caption' id='gallery-1-2862'>\n\t\t\t\tSonnenglas mit Schieferst\u00fccken\n\t\t\t\t<\/figcaption><\/figure><figure class='gallery-item'>\n\t\t\t<div class='gallery-icon portrait'>\n\t\t\t\t<a href='https:\/\/archive.fougerette.org\/?attachment_id=2864'><img loading=\"lazy\" decoding=\"async\" width=\"150\" height=\"150\" src=\"https:\/\/archive.fougerette.org\/wp-content\/uploads\/2015\/09\/wachs3-1-150x150.jpeg\" class=\"attachment-thumbnail size-thumbnail\" alt=\"\" \/><\/a>\n\t\t\t<\/div><\/figure><figure class='gallery-item'>\n\t\t\t<div class='gallery-icon landscape'>\n\t\t\t\t<a href='https:\/\/archive.fougerette.org\/?attachment_id=2865'><img loading=\"lazy\" decoding=\"async\" width=\"150\" height=\"150\" src=\"https:\/\/archive.fougerette.org\/wp-content\/uploads\/2015\/09\/wachs2-1-150x150.jpeg\" class=\"attachment-thumbnail size-thumbnail\" alt=\"\" \/><\/a>\n\t\t\t<\/div><\/figure><figure class='gallery-item'>\n\t\t\t<div class='gallery-icon landscape'>\n\t\t\t\t<a href='https:\/\/archive.fougerette.org\/?attachment_id=2866'><img loading=\"lazy\" decoding=\"async\" width=\"150\" height=\"150\" src=\"https:\/\/archive.fougerette.org\/wp-content\/uploads\/2015\/09\/zimmerblick4-1-150x150.jpeg\" class=\"attachment-thumbnail size-thumbnail\" alt=\"\" \/><\/a>\n\t\t\t<\/div><\/figure><figure class='gallery-item'>\n\t\t\t<div class='gallery-icon portrait'>\n\t\t\t\t<a href='https:\/\/archive.fougerette.org\/?attachment_id=2872'><img loading=\"lazy\" decoding=\"async\" width=\"150\" height=\"150\" src=\"https:\/\/archive.fougerette.org\/wp-content\/uploads\/2015\/09\/lotusstuhl1-1-150x150.jpeg\" class=\"attachment-thumbnail size-thumbnail\" alt=\"\" aria-describedby=\"gallery-1-2872\" \/><\/a>\n\t\t\t<\/div>\n\t\t\t\t<figcaption class='wp-caption-text gallery-caption' id='gallery-1-2872'>\n\t\t\t\tLotsublume, von Hand gestickt\n\t\t\t\t<\/figcaption><\/figure><figure class='gallery-item'>\n\t\t\t<div class='gallery-icon portrait'>\n\t\t\t\t<a href='https:\/\/archive.fougerette.org\/?attachment_id=2868'><img loading=\"lazy\" decoding=\"async\" width=\"150\" height=\"150\" src=\"https:\/\/archive.fougerette.org\/wp-content\/uploads\/2015\/09\/kleiderbucc88gel2-1-150x150.jpeg\" class=\"attachment-thumbnail size-thumbnail\" alt=\"\" aria-describedby=\"gallery-1-2868\" \/><\/a>\n\t\t\t<\/div>\n\t\t\t\t<figcaption class='wp-caption-text gallery-caption' id='gallery-1-2868'>\n\t\t\t\tKleiderb\u00fcgel, Spezialanfertigung\n\t\t\t\t<\/figcaption><\/figure><figure class='gallery-item'>\n\t\t\t<div class='gallery-icon portrait'>\n\t\t\t\t<a href='https:\/\/archive.fougerette.org\/?attachment_id=2869'><img loading=\"lazy\" decoding=\"async\" width=\"150\" height=\"150\" src=\"https:\/\/archive.fougerette.org\/wp-content\/uploads\/2015\/09\/schubladenturm1-1-150x150.jpeg\" class=\"attachment-thumbnail size-thumbnail\" alt=\"\" aria-describedby=\"gallery-1-2869\" \/><\/a>\n\t\t\t<\/div>\n\t\t\t\t<figcaption class='wp-caption-text gallery-caption' id='gallery-1-2869'>\n\t\t\t\tSchubladenturm, Spezialanfertigung\n\t\t\t\t<\/figcaption><\/figure><figure class='gallery-item'>\n\t\t\t<div class='gallery-icon portrait'>\n\t\t\t\t<a href='https:\/\/archive.fougerette.org\/?attachment_id=2871'><img loading=\"lazy\" decoding=\"async\" width=\"150\" height=\"150\" src=\"https:\/\/archive.fougerette.org\/wp-content\/uploads\/2015\/09\/oignon1-1-150x150.jpeg\" class=\"attachment-thumbnail size-thumbnail\" alt=\"\" aria-describedby=\"gallery-1-2871\" \/><\/a>\n\t\t\t<\/div>\n\t\t\t\t<figcaption class='wp-caption-text gallery-caption' id='gallery-1-2871'>\n\t\t\t\tNachthemd, von Hand bestickt\n\t\t\t\t<\/figcaption><\/figure><figure class='gallery-item'>\n\t\t\t<div class='gallery-icon landscape'>\n\t\t\t\t<a href='https:\/\/archive.fougerette.org\/?attachment_id=2870'><img loading=\"lazy\" decoding=\"async\" width=\"150\" height=\"150\" src=\"https:\/\/archive.fougerette.org\/wp-content\/uploads\/2015\/09\/oignon2-1-150x150.jpeg\" class=\"attachment-thumbnail size-thumbnail\" alt=\"\" aria-describedby=\"gallery-1-2870\" srcset=\"https:\/\/archive.fougerette.org\/wp-content\/uploads\/2015\/09\/oignon2-1-150x150.jpeg 150w, https:\/\/archive.fougerette.org\/wp-content\/uploads\/2015\/09\/oignon2-1-300x298.jpeg 300w, https:\/\/archive.fougerette.org\/wp-content\/uploads\/2015\/09\/oignon2-1.jpeg 555w\" sizes=\"auto, (max-width: 150px) 100vw, 150px\" \/><\/a>\n\t\t\t<\/div>\n\t\t\t\t<figcaption class='wp-caption-text gallery-caption' id='gallery-1-2870'>\n\t\t\t\tComme les couches d&#8217;un oignon&#8230;\n\t\t\t\t<\/figcaption><\/figure><figure class='gallery-item'>\n\t\t\t<div class='gallery-icon portrait'>\n\t\t\t\t<a href='https:\/\/archive.fougerette.org\/?attachment_id=2860'><img loading=\"lazy\" decoding=\"async\" width=\"150\" height=\"150\" src=\"https:\/\/archive.fougerette.org\/wp-content\/uploads\/2015\/09\/0001rb-150x150.jpeg\" class=\"attachment-thumbnail size-thumbnail\" alt=\"\" aria-describedby=\"gallery-1-2860\" \/><\/a>\n\t\t\t<\/div>\n\t\t\t\t<figcaption class='wp-caption-text gallery-caption' id='gallery-1-2860'>\n\t\t\t\t360 Grad\n\t\t\t\t<\/figcaption><\/figure>\n\t\t<\/div>\n\n<p>Copyright f\u00fcr alle Fotos: <a href=\"http:\/\/mariakuehnen.ch\/www.mariakuehnen.ch\/Ardoise.html\">www.mariakuehnen<\/a><\/p>\n<p>&nbsp;<\/p>\n<p><strong>\u00dcBER MARIA K\u00dcHNEN<\/strong><\/p>\n<p><a href=\"https:\/\/fougerette.wordpress.com\/wp-content\/uploads\/2015\/09\/mariakucc88hnen.jpg\"><img loading=\"lazy\" decoding=\"async\" class=\"alignleft size-medium wp-image-2888\" src=\"https:\/\/fougerette.wordpress.com\/wp-content\/uploads\/2015\/09\/mariakucc88hnen.jpg?w=300\" alt=\"MARIAKU\u0308HNEN\" width=\"300\" height=\"202\" srcset=\"https:\/\/archive.fougerette.org\/wp-content\/uploads\/2015\/09\/mariakucc88hnen.jpg 308w, https:\/\/archive.fougerette.org\/wp-content\/uploads\/2015\/09\/mariakucc88hnen-300x202.jpg 300w\" sizes=\"auto, (max-width: 300px) 100vw, 300px\" \/><\/a>Geboren bin ich 1971 in einem kleinen Dorf am Niederrhein (D). Mit etwa 15 Jahren begann ich mich ernsthaft mit k\u00fcnstlerischen Absichten zu tragen, ich war damals auf einer Jugendkunstschule. Dennoch habe ich dann nach dem Abitur Erziehungswissenschaften studiert, in der Jugendhilfe gearbeitet und parallel dazu immer wieder Ausstellungen gemacht. Ein Wendepunkt kam mit 30, als ich vor der Entscheidung stand, entweder Karriere in der Jugendhilfe zu machen, oder doch ganz in die Richtung zu gehen, die ich eigentlich immer wollte. Daraufhin habe ich noch einmal ein Studium begonnen, n\u00e4mlich Malerei und dabei den Schwerpunkt auf Komposition und Farbenlehre gelegt. Schon gegen Ende dieses Studiums hatte ich den ersten gr\u00f6sseren Innengestaltungsauftrag, bei dem ich ein ehemaliges Gef\u00e4ngnisgeb\u00e4ude in ein G\u00e4stehaus umgewandelt habe. Da der differenzierte Umgang mit Farbe f\u00fcr mich seit jeher ein besonderere Leidenschaft war und es in meiner Malerei auch immer darum ging, dass die Farbe \u00fcber sich und den Bildtr\u00e4ger hinaus in den Raum wirkt, lag die Raumgestaltung f\u00fcr mich sehr nahe. Mit meinem Umzug in die Schweiz vor 10 Jahren habe ich dann einige Weiterbildungen im 3-D-Bereich gemacht, das heisst ich habe mich mit Gusstechniken und Objekten auseinander gesetzt und damit begonnen, zunehmend Raum-Installationen zu machen. Seit ich mit meiner Familie dann vor 3 Jahren unser grosses Projekt in S\u00fcdfrankreich begonnen habe, fliesst ein Grossteil meiner Arbeit in die Raumgestaltung dieses Hauses, das Familien- und Begegnungsort ist und dessen langsame Umgestaltung ein work-in-progress ist. Im Moment gestalte ich ausserdem ein Ladenlokal im Kreis 4 in Z\u00fcrich f\u00fcr den &#8218;Plattenladen&#8216; von Claudia Pabst, der Anfang Oktober seine neuen R\u00e4ume beziehen wird &#8211; unbedingt reinschauen, das lohnt sich \ud83d\ude42 www.mariakuehnen.ch<\/p>\n","protected":false},"excerpt":{"rendered":"<p>Bevor es Zeit ist f\u00fcr den erneuten Winterschlaf, hat Fougerette von unserer Freundin und K\u00fcnstlerin Maria K\u00fchnen ein grossartiges &#8222;Bettm\u00fcmpfeli&#8220; geschenkt bekommen: Ausgehend vom Namen Ardoise (dt. Schiefer), hat Maria die schlichte Sch\u00f6nheit des ehemaligen Dienstbotenzimmers Schicht f\u00fcr Schicht frei gelegt. Das Ergebnis: Eine rundum stimmige Neugestaltung, die uns begeistert! Wie es dazu kam? Maria [&hellip;]<\/p>\n","protected":false},"author":2,"featured_media":0,"comment_status":"open","ping_status":"open","sticky":false,"template":"","format":"standard","meta":{"footnotes":""},"categories":[3,7],"tags":[22],"class_list":["post-2859","post","type-post","status-publish","format-standard","hentry","category-fotostrecke","category-kunst","tag-22"],"yoast_head":"<!-- This site is optimized with the Yoast SEO plugin v27.7 - https:\/\/yoast.com\/product\/yoast-seo-wordpress\/ -->\n<title>Ardoise \u00e0 la Maria - Archive Fougerette<\/title>\n<meta name=\"robots\" content=\"index, follow, max-snippet:-1, max-image-preview:large, max-video-preview:-1\" \/>\n<link rel=\"canonical\" href=\"https:\/\/archive.fougerette.org\/?p=2859\" \/>\n<meta property=\"og:locale\" content=\"de_DE\" \/>\n<meta property=\"og:type\" content=\"article\" \/>\n<meta property=\"og:title\" content=\"Ardoise \u00e0 la Maria - Archive Fougerette\" \/>\n<meta property=\"og:description\" content=\"Bevor es Zeit ist f\u00fcr den erneuten Winterschlaf, hat Fougerette von unserer Freundin und K\u00fcnstlerin Maria K\u00fchnen ein grossartiges &#8222;Bettm\u00fcmpfeli&#8220; geschenkt bekommen: Ausgehend vom Namen Ardoise (dt. Schiefer), hat Maria die schlichte Sch\u00f6nheit des ehemaligen Dienstbotenzimmers Schicht f\u00fcr Schicht frei gelegt. Das Ergebnis: Eine rundum stimmige Neugestaltung, die uns begeistert! Wie es dazu kam? Maria [&hellip;]\" \/>\n<meta property=\"og:url\" content=\"https:\/\/archive.fougerette.org\/?p=2859\" \/>\n<meta property=\"og:site_name\" content=\"Archive Fougerette\" \/>\n<meta property=\"article:published_time\" content=\"2015-09-24T13:44:11+00:00\" \/>\n<meta property=\"og:image\" content=\"https:\/\/archive.fougerette.org\/wp-content\/uploads\/2015\/09\/eingang-1-150x150.jpeg\" \/>\n<meta name=\"author\" content=\"Monika\" \/>\n<meta name=\"twitter:card\" content=\"summary_large_image\" \/>\n<meta name=\"twitter:label1\" content=\"Verfasst von\" \/>\n\t<meta name=\"twitter:data1\" content=\"Monika\" \/>\n\t<meta name=\"twitter:label2\" content=\"Gesch\u00e4tzte Lesezeit\" \/>\n\t<meta name=\"twitter:data2\" content=\"6\u00a0Minuten\" \/>\n<script type=\"application\/ld+json\" class=\"yoast-schema-graph\">{\"@context\":\"https:\\\/\\\/schema.org\",\"@graph\":[{\"@type\":\"Article\",\"@id\":\"https:\\\/\\\/archive.fougerette.org\\\/?p=2859#article\",\"isPartOf\":{\"@id\":\"https:\\\/\\\/archive.fougerette.org\\\/?p=2859\"},\"author\":{\"name\":\"Monika\",\"@id\":\"https:\\\/\\\/archive.fougerette.org\\\/#\\\/schema\\\/person\\\/5875770bbabbd6c742f07472ab26db50\"},\"headline\":\"Ardoise \u00e0 la Maria\",\"datePublished\":\"2015-09-24T13:44:11+00:00\",\"mainEntityOfPage\":{\"@id\":\"https:\\\/\\\/archive.fougerette.org\\\/?p=2859\"},\"wordCount\":1227,\"commentCount\":3,\"image\":{\"@id\":\"https:\\\/\\\/archive.fougerette.org\\\/?p=2859#primaryimage\"},\"thumbnailUrl\":\"https:\\\/\\\/fougerette.wordpress.com\\\/wp-content\\\/uploads\\\/2015\\\/09\\\/0001fh.jpeg?w=212\",\"keywords\":[\"2015\"],\"articleSection\":[\"Fotostrecke\",\"Kunst\"],\"inLanguage\":\"de\",\"potentialAction\":[{\"@type\":\"CommentAction\",\"name\":\"Comment\",\"target\":[\"https:\\\/\\\/archive.fougerette.org\\\/?p=2859#respond\"]}]},{\"@type\":\"WebPage\",\"@id\":\"https:\\\/\\\/archive.fougerette.org\\\/?p=2859\",\"url\":\"https:\\\/\\\/archive.fougerette.org\\\/?p=2859\",\"name\":\"Ardoise \u00e0 la Maria - Archive Fougerette\",\"isPartOf\":{\"@id\":\"https:\\\/\\\/archive.fougerette.org\\\/#website\"},\"primaryImageOfPage\":{\"@id\":\"https:\\\/\\\/archive.fougerette.org\\\/?p=2859#primaryimage\"},\"image\":{\"@id\":\"https:\\\/\\\/archive.fougerette.org\\\/?p=2859#primaryimage\"},\"thumbnailUrl\":\"https:\\\/\\\/fougerette.wordpress.com\\\/wp-content\\\/uploads\\\/2015\\\/09\\\/0001fh.jpeg?w=212\",\"datePublished\":\"2015-09-24T13:44:11+00:00\",\"author\":{\"@id\":\"https:\\\/\\\/archive.fougerette.org\\\/#\\\/schema\\\/person\\\/5875770bbabbd6c742f07472ab26db50\"},\"breadcrumb\":{\"@id\":\"https:\\\/\\\/archive.fougerette.org\\\/?p=2859#breadcrumb\"},\"inLanguage\":\"de\",\"potentialAction\":[{\"@type\":\"ReadAction\",\"target\":[\"https:\\\/\\\/archive.fougerette.org\\\/?p=2859\"]}]},{\"@type\":\"ImageObject\",\"inLanguage\":\"de\",\"@id\":\"https:\\\/\\\/archive.fougerette.org\\\/?p=2859#primaryimage\",\"url\":\"https:\\\/\\\/fougerette.wordpress.com\\\/wp-content\\\/uploads\\\/2015\\\/09\\\/0001fh.jpeg?w=212\",\"contentUrl\":\"https:\\\/\\\/fougerette.wordpress.com\\\/wp-content\\\/uploads\\\/2015\\\/09\\\/0001fh.jpeg?w=212\"},{\"@type\":\"BreadcrumbList\",\"@id\":\"https:\\\/\\\/archive.fougerette.org\\\/?p=2859#breadcrumb\",\"itemListElement\":[{\"@type\":\"ListItem\",\"position\":1,\"name\":\"Startseite\",\"item\":\"https:\\\/\\\/archive.fougerette.org\\\/\"},{\"@type\":\"ListItem\",\"position\":2,\"name\":\"Ardoise \u00e0 la Maria\"}]},{\"@type\":\"WebSite\",\"@id\":\"https:\\\/\\\/archive.fougerette.org\\\/#website\",\"url\":\"https:\\\/\\\/archive.fougerette.org\\\/\",\"name\":\"Archive Fougerette\",\"description\":\"\",\"potentialAction\":[{\"@type\":\"SearchAction\",\"target\":{\"@type\":\"EntryPoint\",\"urlTemplate\":\"https:\\\/\\\/archive.fougerette.org\\\/?s={search_term_string}\"},\"query-input\":{\"@type\":\"PropertyValueSpecification\",\"valueRequired\":true,\"valueName\":\"search_term_string\"}}],\"inLanguage\":\"de\"},{\"@type\":\"Person\",\"@id\":\"https:\\\/\\\/archive.fougerette.org\\\/#\\\/schema\\\/person\\\/5875770bbabbd6c742f07472ab26db50\",\"name\":\"Monika\",\"image\":{\"@type\":\"ImageObject\",\"inLanguage\":\"de\",\"@id\":\"https:\\\/\\\/secure.gravatar.com\\\/avatar\\\/?s=96&d=mm&r=g\",\"url\":\"https:\\\/\\\/secure.gravatar.com\\\/avatar\\\/?s=96&d=mm&r=g\",\"contentUrl\":\"https:\\\/\\\/secure.gravatar.com\\\/avatar\\\/?s=96&d=mm&r=g\",\"caption\":\"Monika\"},\"url\":\"https:\\\/\\\/archive.fougerette.org\\\/?author=2\"}]}<\/script>\n<!-- \/ Yoast SEO plugin. -->","yoast_head_json":{"title":"Ardoise \u00e0 la Maria - Archive Fougerette","robots":{"index":"index","follow":"follow","max-snippet":"max-snippet:-1","max-image-preview":"max-image-preview:large","max-video-preview":"max-video-preview:-1"},"canonical":"https:\/\/archive.fougerette.org\/?p=2859","og_locale":"de_DE","og_type":"article","og_title":"Ardoise \u00e0 la Maria - Archive Fougerette","og_description":"Bevor es Zeit ist f\u00fcr den erneuten Winterschlaf, hat Fougerette von unserer Freundin und K\u00fcnstlerin Maria K\u00fchnen ein grossartiges &#8222;Bettm\u00fcmpfeli&#8220; geschenkt bekommen: Ausgehend vom Namen Ardoise (dt. Schiefer), hat Maria die schlichte Sch\u00f6nheit des ehemaligen Dienstbotenzimmers Schicht f\u00fcr Schicht frei gelegt. Das Ergebnis: Eine rundum stimmige Neugestaltung, die uns begeistert! Wie es dazu kam? Maria [&hellip;]","og_url":"https:\/\/archive.fougerette.org\/?p=2859","og_site_name":"Archive Fougerette","article_published_time":"2015-09-24T13:44:11+00:00","og_image":[{"url":"https:\/\/archive.fougerette.org\/wp-content\/uploads\/2015\/09\/eingang-1-150x150.jpeg","type":"","width":"","height":""}],"author":"Monika","twitter_card":"summary_large_image","twitter_misc":{"Verfasst von":"Monika","Gesch\u00e4tzte Lesezeit":"6\u00a0Minuten"},"schema":{"@context":"https:\/\/schema.org","@graph":[{"@type":"Article","@id":"https:\/\/archive.fougerette.org\/?p=2859#article","isPartOf":{"@id":"https:\/\/archive.fougerette.org\/?p=2859"},"author":{"name":"Monika","@id":"https:\/\/archive.fougerette.org\/#\/schema\/person\/5875770bbabbd6c742f07472ab26db50"},"headline":"Ardoise \u00e0 la Maria","datePublished":"2015-09-24T13:44:11+00:00","mainEntityOfPage":{"@id":"https:\/\/archive.fougerette.org\/?p=2859"},"wordCount":1227,"commentCount":3,"image":{"@id":"https:\/\/archive.fougerette.org\/?p=2859#primaryimage"},"thumbnailUrl":"https:\/\/fougerette.wordpress.com\/wp-content\/uploads\/2015\/09\/0001fh.jpeg?w=212","keywords":["2015"],"articleSection":["Fotostrecke","Kunst"],"inLanguage":"de","potentialAction":[{"@type":"CommentAction","name":"Comment","target":["https:\/\/archive.fougerette.org\/?p=2859#respond"]}]},{"@type":"WebPage","@id":"https:\/\/archive.fougerette.org\/?p=2859","url":"https:\/\/archive.fougerette.org\/?p=2859","name":"Ardoise \u00e0 la Maria - Archive Fougerette","isPartOf":{"@id":"https:\/\/archive.fougerette.org\/#website"},"primaryImageOfPage":{"@id":"https:\/\/archive.fougerette.org\/?p=2859#primaryimage"},"image":{"@id":"https:\/\/archive.fougerette.org\/?p=2859#primaryimage"},"thumbnailUrl":"https:\/\/fougerette.wordpress.com\/wp-content\/uploads\/2015\/09\/0001fh.jpeg?w=212","datePublished":"2015-09-24T13:44:11+00:00","author":{"@id":"https:\/\/archive.fougerette.org\/#\/schema\/person\/5875770bbabbd6c742f07472ab26db50"},"breadcrumb":{"@id":"https:\/\/archive.fougerette.org\/?p=2859#breadcrumb"},"inLanguage":"de","potentialAction":[{"@type":"ReadAction","target":["https:\/\/archive.fougerette.org\/?p=2859"]}]},{"@type":"ImageObject","inLanguage":"de","@id":"https:\/\/archive.fougerette.org\/?p=2859#primaryimage","url":"https:\/\/fougerette.wordpress.com\/wp-content\/uploads\/2015\/09\/0001fh.jpeg?w=212","contentUrl":"https:\/\/fougerette.wordpress.com\/wp-content\/uploads\/2015\/09\/0001fh.jpeg?w=212"},{"@type":"BreadcrumbList","@id":"https:\/\/archive.fougerette.org\/?p=2859#breadcrumb","itemListElement":[{"@type":"ListItem","position":1,"name":"Startseite","item":"https:\/\/archive.fougerette.org\/"},{"@type":"ListItem","position":2,"name":"Ardoise \u00e0 la Maria"}]},{"@type":"WebSite","@id":"https:\/\/archive.fougerette.org\/#website","url":"https:\/\/archive.fougerette.org\/","name":"Archive Fougerette","description":"","potentialAction":[{"@type":"SearchAction","target":{"@type":"EntryPoint","urlTemplate":"https:\/\/archive.fougerette.org\/?s={search_term_string}"},"query-input":{"@type":"PropertyValueSpecification","valueRequired":true,"valueName":"search_term_string"}}],"inLanguage":"de"},{"@type":"Person","@id":"https:\/\/archive.fougerette.org\/#\/schema\/person\/5875770bbabbd6c742f07472ab26db50","name":"Monika","image":{"@type":"ImageObject","inLanguage":"de","@id":"https:\/\/secure.gravatar.com\/avatar\/?s=96&d=mm&r=g","url":"https:\/\/secure.gravatar.com\/avatar\/?s=96&d=mm&r=g","contentUrl":"https:\/\/secure.gravatar.com\/avatar\/?s=96&d=mm&r=g","caption":"Monika"},"url":"https:\/\/archive.fougerette.org\/?author=2"}]}},"_links":{"self":[{"href":"https:\/\/archive.fougerette.org\/index.php?rest_route=\/wp\/v2\/posts\/2859","targetHints":{"allow":["GET"]}}],"collection":[{"href":"https:\/\/archive.fougerette.org\/index.php?rest_route=\/wp\/v2\/posts"}],"about":[{"href":"https:\/\/archive.fougerette.org\/index.php?rest_route=\/wp\/v2\/types\/post"}],"author":[{"embeddable":true,"href":"https:\/\/archive.fougerette.org\/index.php?rest_route=\/wp\/v2\/users\/2"}],"replies":[{"embeddable":true,"href":"https:\/\/archive.fougerette.org\/index.php?rest_route=%2Fwp%2Fv2%2Fcomments&post=2859"}],"version-history":[{"count":0,"href":"https:\/\/archive.fougerette.org\/index.php?rest_route=\/wp\/v2\/posts\/2859\/revisions"}],"wp:attachment":[{"href":"https:\/\/archive.fougerette.org\/index.php?rest_route=%2Fwp%2Fv2%2Fmedia&parent=2859"}],"wp:term":[{"taxonomy":"category","embeddable":true,"href":"https:\/\/archive.fougerette.org\/index.php?rest_route=%2Fwp%2Fv2%2Fcategories&post=2859"},{"taxonomy":"post_tag","embeddable":true,"href":"https:\/\/archive.fougerette.org\/index.php?rest_route=%2Fwp%2Fv2%2Ftags&post=2859"}],"curies":[{"name":"wp","href":"https:\/\/api.w.org\/{rel}","templated":true}]}}